{"id":5331,"date":"2025-12-08T18:22:39","date_gmt":"2025-12-08T16:22:39","guid":{"rendered":"https:\/\/www.judo-club-horb.de\/?p=5331"},"modified":"2025-12-08T18:22:40","modified_gmt":"2025-12-08T16:22:40","slug":"29-11-2025-platz-5-beim-kappelbergturnier","status":"publish","type":"post","link":"https:\/\/www.judo-club-horb.de\/?p=5331","title":{"rendered":"29.11.2025 Platz 5 beim Kappelbergturnier"},"content":{"rendered":"\n<p>Am Samstag, den 29. November startete Robyn Wagner in der Jugend U15 als einziger Teilnehmer aus Horb beim Fellbacher Kappelbergturnier. Betreut wurde er von dem Trainer Frank M\u00fcller. Robyn startete in der Gewichtsklasse bis 66 Kilogramm und konnte sich zum Kampf um Platz drei vork\u00e4mpfen. Im letzten Kampf musste er sich seinem Kontrahenten geschlagen geben. Dennoch ist der f\u00fcnfte Platz in der Gewichtsklasse bis 66 Kilogramm ein gro\u00dfer Erfolg f\u00fcr den jungen Nachwuchsjudoka.<\/p>\n\n\n\n<figure class=\"wp-block-image size-large\"><img loading=\"lazy\" decoding=\"async\" width=\"585\" height=\"780\" src=\"https:\/\/www.judo-club-horb.de\/wp-content\/uploads\/2025\/12\/2025-11-30-Kappelbergturnier-Robyn-Wagner-585x780.jpg\" alt=\"\" class=\"wp-image-5332\" srcset=\"https:\/\/www.judo-club-horb.de\/wp-content\/uploads\/2025\/12\/2025-11-30-Kappelbergturnier-Robyn-Wagner-585x780.jpg 585w, https:\/\/www.judo-club-horb.de\/wp-content\/uploads\/2025\/12\/2025-11-30-Kappelbergturnier-Robyn-Wagner-225x300.jpg 225w, https:\/\/www.judo-club-horb.de\/wp-content\/uploads\/2025\/12\/2025-11-30-Kappelbergturnier-Robyn-Wagner-768x1024.jpg 768w, https:\/\/www.judo-club-horb.de\/wp-content\/uploads\/2025\/12\/2025-11-30-Kappelbergturnier-Robyn-Wagner-1152x1536.jpg 1152w, https:\/\/www.judo-club-horb.de\/wp-content\/uploads\/2025\/12\/2025-11-30-Kappelbergturnier-Robyn-Wagner-38x50.jpg 38w, https:\/\/www.judo-club-horb.de\/wp-content\/uploads\/2025\/12\/2025-11-30-Kappelbergturnier-Robyn-Wagner.jpg 1200w\" sizes=\"auto, (max-width: 585px) 100vw, 585px\" \/><\/figure>\n","protected":false},"excerpt":{"rendered":"<p>Am Samstag, den 29. November startete Robyn Wagner in der Jugend U15 als einziger Teilnehmer aus Horb beim Fellbacher Kappelbergturnier. Betreut wurde er von dem Trainer Frank M\u00fcller. Robyn startete in der Gewichtsklasse bis 66 Kilogramm und konnte sich zum Kampf um Platz drei vork\u00e4mpfen. Im letzten Kampf musste er sich seinem Kontrahenten geschlagen geben. [&hellip;]<\/p>\n","protected":false},"author":3,"featured_media":0,"comment_status":"closed","ping_status":"closed","sticky":false,"template":"","format":"standard","meta":{"footnotes":""},"categories":[36,2],"tags":[],"class_list":["post-5331","post","type-post","status-publish","format-standard","hentry","category-jahr-2025","category-news"],"_links":{"self":[{"href":"https:\/\/www.judo-club-horb.de\/index.php?rest_route=\/wp\/v2\/posts\/5331","targetHints":{"allow":["GET"]}}],"collection":[{"href":"https:\/\/www.judo-club-horb.de\/index.php?rest_route=\/wp\/v2\/posts"}],"about":[{"href":"https:\/\/www.judo-club-horb.de\/index.php?rest_route=\/wp\/v2\/types\/post"}],"author":[{"embeddable":true,"href":"https:\/\/www.judo-club-horb.de\/index.php?rest_route=\/wp\/v2\/users\/3"}],"replies":[{"embeddable":true,"href":"https:\/\/www.judo-club-horb.de\/index.php?rest_route=%2Fwp%2Fv2%2Fcomments&post=5331"}],"version-history":[{"count":1,"href":"https:\/\/www.judo-club-horb.de\/index.php?rest_route=\/wp\/v2\/posts\/5331\/revisions"}],"predecessor-version":[{"id":5333,"href":"https:\/\/www.judo-club-horb.de\/index.php?rest_route=\/wp\/v2\/posts\/5331\/revisions\/5333"}],"wp:attachment":[{"href":"https:\/\/www.judo-club-horb.de\/index.php?rest_route=%2Fwp%2Fv2%2Fmedia&parent=5331"}],"wp:term":[{"taxonomy":"category","embeddable":true,"href":"https:\/\/www.judo-club-horb.de\/index.php?rest_route=%2Fwp%2Fv2%2Fcategories&post=5331"},{"taxonomy":"post_tag","embeddable":true,"href":"https:\/\/www.judo-club-horb.de\/index.php?rest_route=%2Fwp%2Fv2%2Ftags&post=5331"}],"curies":[{"name":"wp","href":"https:\/\/api.w.org\/{rel}","templated":true}]}}